{"id":1090,"date":"2018-06-05T09:24:37","date_gmt":"2018-06-05T09:24:37","guid":{"rendered":"http:\/\/www.ket4f-gas.eu\/?p=1090"},"modified":"2019-04-12T09:26:19","modified_gmt":"2019-04-12T09:26:19","slug":"caparica-acogera-el-11-de-junio-el-lanzamiento-del-proyecto-de-cooperacion-internacional-sudoe-ket4f-gas-para-la-reduccion-del-impacto-ambiental-de-los-gases-fluorados","status":"publish","type":"post","link":"http:\/\/www.ket4f-gas.eu\/?p=1090","title":{"rendered":"Caparica acoger\u00e1 el 11 de junio el lanzamiento del proyecto de cooperaci\u00f3n internacional SUDOE KET4F-Gas para la reducci\u00f3n del impacto ambiental de los gases fluorados"},"content":{"rendered":"<h3>Caparica acoger\u00e1 el 11 de junio el lanzamiento del proyecto de cooperaci\u00f3n internacional SUDOE KET4F-Gas para la reducci\u00f3n del impacto ambiental de los gases fluorados<\/h3>\n<p>La Facultad de Ciencias y Tecnolog\u00eda de la \u201cUniversidade Nova de Lisboa\u201d, entidad l\u00edder del proyecto, ser\u00e1 la sede del evento de lanzamiento de este proyecto europeo en el que participan 20 entidades de Espa\u00f1a, Francia, Portugal y Emiratos \u00c1rabes Unidos para el desarrollo y la mejora de tecnolog\u00edas para la recuperaci\u00f3n y sustituci\u00f3n de los gases fluorados.<\/p>\n<p>El evento de lanzamiento del proyecto Interreg SUDOE \u201cKET4F-Gas \u2013 Reducci\u00f3n del Impacto Ambiental de los Gases Fluorados en el Espacio Sudoe mediante Tecnolog\u00edas Facilitadoras Esenciales\u201d est\u00e1 dirigido a empresas, gestores de residuos y administraci\u00f3n p\u00fablica, as\u00ed como aquellos agentes locales y regionales interesados en el empleo de nuevas tecnolog\u00edas para la reducci\u00f3n de este tipo de gases.<br \/>\n<a href=\"http:\/\/neurona.gobex.es\/caparica-acogera-el-11-de-junio-el-lanzamiento-del-proyecto-de-cooperacion-internacional-sudoe-ket4f-gas-para-la-reduccion-del-impacto-ambiental-de-los-gases-fluorados\/\" target=\"_blank\" rel=\"noopener noreferrer\">Mas info&#8230;<\/a><\/p>\n","protected":false},"excerpt":{"rendered":"<p>Caparica acoger\u00e1 el 11 de junio el lanzamiento del proyecto de cooperaci\u00f3n internacional SUDOE KET4F-Gas para la reducci\u00f3n del impacto ambiental de los gases fluorados La Facultad de Ciencias y [&hellip;]<\/p>\n","protected":false},"author":5,"featured_media":127,"comment_status":"closed","ping_status":"closed","sticky":false,"template":"","format":"standard","meta":{"_et_pb_use_builder":"","_et_pb_old_content":"","_et_gb_content_width":"","footnotes":""},"categories":[27],"tags":[],"class_list":["post-1090","post","type-post","status-publish","format-standard","has-post-thumbnail","hentry","category-news"],"_links":{"self":[{"href":"http:\/\/www.ket4f-gas.eu\/index.php?rest_route=\/wp\/v2\/posts\/1090","targetHints":{"allow":["GET"]}}],"collection":[{"href":"http:\/\/www.ket4f-gas.eu\/index.php?rest_route=\/wp\/v2\/posts"}],"about":[{"href":"http:\/\/www.ket4f-gas.eu\/index.php?rest_route=\/wp\/v2\/types\/post"}],"author":[{"embeddable":true,"href":"http:\/\/www.ket4f-gas.eu\/index.php?rest_route=\/wp\/v2\/users\/5"}],"replies":[{"embeddable":true,"href":"http:\/\/www.ket4f-gas.eu\/index.php?rest_route=%2Fwp%2Fv2%2Fcomments&post=1090"}],"version-history":[{"count":1,"href":"http:\/\/www.ket4f-gas.eu\/index.php?rest_route=\/wp\/v2\/posts\/1090\/revisions"}],"predecessor-version":[{"id":1091,"href":"http:\/\/www.ket4f-gas.eu\/index.php?rest_route=\/wp\/v2\/posts\/1090\/revisions\/1091"}],"wp:featuredmedia":[{"embeddable":true,"href":"http:\/\/www.ket4f-gas.eu\/index.php?rest_route=\/wp\/v2\/media\/127"}],"wp:attachment":[{"href":"http:\/\/www.ket4f-gas.eu\/index.php?rest_route=%2Fwp%2Fv2%2Fmedia&parent=1090"}],"wp:term":[{"taxonomy":"category","embeddable":true,"href":"http:\/\/www.ket4f-gas.eu\/index.php?rest_route=%2Fwp%2Fv2%2Fcategories&post=1090"},{"taxonomy":"post_tag","embeddable":true,"href":"http:\/\/www.ket4f-gas.eu\/index.php?rest_route=%2Fwp%2Fv2%2Ftags&post=1090"}],"curies":[{"name":"wp","href":"https:\/\/api.w.org\/{rel}","templated":true}]}}